{"id":6,"date":"2016-04-04T16:54:17","date_gmt":"2016-04-04T14:54:17","guid":{"rendered":"http:\/\/www.myphotobook.fr\/myinspirations2\/?p=5"},"modified":"2023-03-16T08:51:15","modified_gmt":"2023-03-16T07:51:15","slug":"photographier-comme-les-pros","status":"publish","type":"post","link":"https:\/\/www.myphotobook.fr\/myinspirations\/photographier-comme-les-pros\/","title":{"rendered":"Photographier comme les pros"},"content":{"rendered":"<h1>Photographier comme les pros<\/h1>\n<p>Qui mieux que des photographes professionnels peuvent vous donner des conseils de pro pour vos photographies? Nous vous donnons ici, des astuces et des id\u00e9es pour des photos r\u00e9ussies et des clich\u00e9s po\u00e9tiques\u00a0!<\/p>\n<p>Notre experte <strong>Nadine Sch\u00f6nfeld<\/strong>, vous dit comment r\u00e9aliser des photos vraiment r\u00e9ussies comme celles qui suivent.<\/p>\n<p><strong>Conseil num\u00e9ro 1: Ramassez<\/strong> des branches ou des feuilles et placez les directement devant l\u2019objectif de votre appareil photo, en faisant en sorte qu\u2019elles d\u00e9bordent sur l\u2019image. Vous obtiendrez alors un champ color\u00e9 en premier plan de votre photo, comme on peut le voir sur l\u2019image en haut \u00e0 gauche.<\/p>\n<p><strong>Conseil num\u00e9ro 2: <\/strong>Soufflez sur l\u2019objectif de votre appareil photo en y laissant la bu\u00e9e et prenez votre photo tr\u00e8s rapidement. Un l\u00e9ger effet de brume donnera un aspect de douceur et un c\u00f4t\u00e9 cotonneux \u00e0 votre clich\u00e9.<\/p>\n<ul>\n<li>Profitez des couleurs de l\u2019automne pour r\u00e9aliser vos portraits en ext\u00e9rieur!<\/li>\n<li>Cette saison offre des couleurs magnifiques dans la nature qui constitueront un <strong>fond de page id\u00e9al pour vos photos.<\/strong><\/li>\n<li>Regardez les pr\u00e9visions m\u00e9t\u00e9orologiques et profitez d\u2019une belle journ\u00e9e ensoleill\u00e9e. La lumi\u00e8re du soleil de l\u2019automne donnera un \u00e9clat particulier aux couleurs et vous obtiendrez un effet dor\u00e9 et cela fera ressortir les couleurs chaudes.<\/li>\n<li>C\u2019est le moment de partir vous balader dans la nature avec vos proches, en amoureux, en famille, entre amis, etc.<\/li>\n<li>On obtient tr\u00e8s<strong> simplement de beaux clich\u00e9s <\/strong>en photographiant \u00e0 contre-jour. Cela offre un excellent rendu, lorsque le soleil est en phase descendante en <strong>fin d\u2019apr\u00e8s-midi.<\/strong><\/li>\n<li>La lumi\u00e8re du soleil doit alors venir \u00e9clairer par derri\u00e8re et l\u00e9g\u00e8rement de c\u00f4t\u00e9 ou bien directement dans le dos la personne photographi\u00e9e.<\/li>\n<li>Afin de varier, choisissez diff\u00e9rentes prises et perspectives \u2013 quelques portraits r\u00e9alis\u00e9s de pr\u00e8s, puis des photos de plein pied, des photos de groupe, etc. De la sorte vous aurez\u00a0 un bel ensemble diversifi\u00e9 avec lequel vous pourrez r\u00e9aliser de beaux collages.<\/li>\n<\/ul>\n<p>Nous esp\u00e9rons que tous ces petits conseils vous seront utiles et nous nous r\u00e9jouissons de voir vos r\u00e9sultats. Alors, bonne chance!<\/p>\n<p>&nbsp;<\/p>\n","protected":false},"excerpt":{"rendered":"<p>Photographier comme les pros Qui mieux que des photographes professionnels peuvent vous donner des conseils de pro pour vos photographies? Nous vous donnons ici, des astuces et des id\u00e9es pour des photos r\u00e9ussies et des clich\u00e9s po\u00e9tiques\u00a0! Notre experte Nadine Sch\u00f6nfeld, vous dit comment r\u00e9aliser des photos vraiment r\u00e9ussies comme celles qui suivent. Conseil num\u00e9ro [&hellip;]<\/p>\n","protected":false},"author":7,"featured_media":6,"comment_status":"closed","ping_status":"open","sticky":false,"template":"","format":"standard","meta":{"inline_featured_image":false,"site-sidebar-layout":"default","site-content-layout":"","ast-site-content-layout":"default","site-content-style":"default","site-sidebar-style":"default","ast-global-header-display":"","ast-banner-title-visibility":"","ast-main-header-display":"","ast-hfb-above-header-display":"","ast-hfb-below-header-display":"","ast-hfb-mobile-header-display":"","site-post-title":"","ast-breadcrumbs-content":"","ast-featured-img":"","footer-sml-layout":"","ast-disable-related-posts":"","theme-transparent-header-meta":"","adv-header-id-meta":"","stick-header-meta":"","header-above-stick-meta":"","header-main-stick-meta":"","header-below-stick-meta":"","astra-migrate-meta-layouts":"default","ast-page-background-enabled":"default","ast-page-background-meta":{"desktop":{"background-color":"var(--ast-global-color-4)","background-image":"","background-repeat":"repeat","background-position":"center center","background-size":"auto","background-attachment":"scroll","background-type":"","background-media":"","overlay-type":"","overlay-color":"","overlay-opacity":"","overlay-gradient":""},"tablet":{"background-color":"","background-image":"","background-repeat":"repeat","background-position":"center center","background-size":"auto","background-attachment":"scroll","background-type":"","background-media":"","overlay-type":"","overlay-color":"","overlay-opacity":"","overlay-gradient":""},"mobile":{"background-color":"","background-image":"","background-repeat":"repeat","background-position":"center center","background-size":"auto","background-attachment":"scroll","background-type":"","background-media":"","overlay-type":"","overlay-color":"","overlay-opacity":"","overlay-gradient":""}},"ast-content-background-meta":{"desktop":{"background-color":"var(--ast-global-color-5)","background-image":"","background-repeat":"repeat","background-position":"center center","background-size":"auto","background-attachment":"scroll","background-type":"","background-media":"","overlay-type":"","overlay-color":"","overlay-opacity":"","overlay-gradient":""},"tablet":{"background-color":"var(--ast-global-color-5)","background-image":"","background-repeat":"repeat","background-position":"center center","background-size":"auto","background-attachment":"scroll","background-type":"","background-media":"","overlay-type":"","overlay-color":"","overlay-opacity":"","overlay-gradient":""},"mobile":{"background-color":"var(--ast-global-color-5)","background-image":"","background-repeat":"repeat","background-position":"center center","background-size":"auto","background-attachment":"scroll","background-type":"","background-media":"","overlay-type":"","overlay-color":"","overlay-opacity":"","overlay-gradient":""}},"footnotes":""},"categories":[2],"tags":[],"class_list":["post-6","post","type-post","status-publish","format-standard","has-post-thumbnail","hentry","category-photo"],"yoast_head":"<!-- This site is optimized with the Yoast SEO plugin v27.5 - https:\/\/yoast.com\/product\/yoast-seo-wordpress\/ -->\n<title>Photographier comme les pros * MyInspirations * Le magazine de MyPhotoBook<\/title>\n<meta name=\"robots\" content=\"index, follow, max-snippet:-1, max-image-preview:large, max-video-preview:-1\" \/>\n<link rel=\"canonical\" href=\"https:\/\/www.myphotobook.fr\/myinspirations\/photographier-comme-les-pros\/\" \/>\n<meta property=\"og:locale\" content=\"fr_FR\" \/>\n<meta property=\"og:type\" content=\"article\" \/>\n<meta property=\"og:title\" content=\"Photographier comme les pros * MyInspirations * Le magazine de MyPhotoBook\" \/>\n<meta property=\"og:description\" content=\"Photographier comme les pros Qui mieux que des photographes professionnels peuvent vous donner des conseils de pro pour vos photographies? Nous vous donnons ici, des astuces et des id\u00e9es pour des photos r\u00e9ussies et des clich\u00e9s po\u00e9tiques\u00a0! Notre experte Nadine Sch\u00f6nfeld, vous dit comment r\u00e9aliser des photos vraiment r\u00e9ussies comme celles qui suivent. Conseil num\u00e9ro [&hellip;]\" \/>\n<meta property=\"og:url\" content=\"https:\/\/www.myphotobook.fr\/myinspirations\/photographier-comme-les-pros\/\" \/>\n<meta property=\"og:site_name\" content=\"MyInspirations * Le magazine de MyPhotoBook\" \/>\n<meta property=\"article:publisher\" content=\"https:\/\/www.facebook.com\/myphotobookfr\/\" \/>\n<meta property=\"article:published_time\" content=\"2016-04-04T14:54:17+00:00\" \/>\n<meta property=\"article:modified_time\" content=\"2023-03-16T07:51:15+00:00\" \/>\n<meta property=\"og:image\" content=\"https:\/\/www.myphotobook.fr\/myinspirations\/wp-content\/uploads\/sites\/6\/2023\/03\/myinspirations-myphotobook-og.jpg\" \/>\n\t<meta property=\"og:image:width\" content=\"1200\" \/>\n\t<meta property=\"og:image:height\" content=\"675\" \/>\n\t<meta property=\"og:image:type\" content=\"image\/jpeg\" \/>\n<meta name=\"author\" content=\"MyPhotoBook Redaktion\" \/>\n<meta name=\"twitter:card\" content=\"summary_large_image\" \/>\n<meta name=\"twitter:label1\" content=\"\u00c9crit par\" \/>\n\t<meta name=\"twitter:data1\" content=\"MyPhotoBook Redaktion\" \/>\n\t<meta name=\"twitter:label2\" content=\"Dur\u00e9e de lecture estim\u00e9e\" \/>\n\t<meta name=\"twitter:data2\" content=\"2 minutes\" \/>\n<script type=\"application\/ld+json\" class=\"yoast-schema-graph\">{\"@context\":\"https:\\\/\\\/schema.org\",\"@graph\":[{\"@type\":\"Article\",\"@id\":\"https:\\\/\\\/www.myphotobook.fr\\\/myinspirations\\\/photographier-comme-les-pros\\\/#article\",\"isPartOf\":{\"@id\":\"https:\\\/\\\/www.myphotobook.fr\\\/myinspirations\\\/photographier-comme-les-pros\\\/\"},\"author\":{\"name\":\"MyPhotoBook Redaktion\",\"@id\":\"https:\\\/\\\/www.myphotobook.fr\\\/myinspirations\\\/#\\\/schema\\\/person\\\/e23c60c98854fac09092d3b116795270\"},\"headline\":\"Photographier comme les pros\",\"datePublished\":\"2016-04-04T14:54:17+00:00\",\"dateModified\":\"2023-03-16T07:51:15+00:00\",\"mainEntityOfPage\":{\"@id\":\"https:\\\/\\\/www.myphotobook.fr\\\/myinspirations\\\/photographier-comme-les-pros\\\/\"},\"wordCount\":387,\"publisher\":{\"@id\":\"https:\\\/\\\/www.myphotobook.fr\\\/myinspirations\\\/#organization\"},\"image\":{\"@id\":\"https:\\\/\\\/www.myphotobook.fr\\\/myinspirations\\\/photographier-comme-les-pros\\\/#primaryimage\"},\"thumbnailUrl\":\"\",\"articleSection\":[\"Photo\"],\"inLanguage\":\"fr-FR\"},{\"@type\":\"WebPage\",\"@id\":\"https:\\\/\\\/www.myphotobook.fr\\\/myinspirations\\\/photographier-comme-les-pros\\\/\",\"url\":\"https:\\\/\\\/www.myphotobook.fr\\\/myinspirations\\\/photographier-comme-les-pros\\\/\",\"name\":\"Photographier comme les pros * MyInspirations * Le magazine de MyPhotoBook\",\"isPartOf\":{\"@id\":\"https:\\\/\\\/www.myphotobook.fr\\\/myinspirations\\\/#website\"},\"primaryImageOfPage\":{\"@id\":\"https:\\\/\\\/www.myphotobook.fr\\\/myinspirations\\\/photographier-comme-les-pros\\\/#primaryimage\"},\"image\":{\"@id\":\"https:\\\/\\\/www.myphotobook.fr\\\/myinspirations\\\/photographier-comme-les-pros\\\/#primaryimage\"},\"thumbnailUrl\":\"\",\"datePublished\":\"2016-04-04T14:54:17+00:00\",\"dateModified\":\"2023-03-16T07:51:15+00:00\",\"breadcrumb\":{\"@id\":\"https:\\\/\\\/www.myphotobook.fr\\\/myinspirations\\\/photographier-comme-les-pros\\\/#breadcrumb\"},\"inLanguage\":\"fr-FR\",\"potentialAction\":[{\"@type\":\"ReadAction\",\"target\":[\"https:\\\/\\\/www.myphotobook.fr\\\/myinspirations\\\/photographier-comme-les-pros\\\/\"]}]},{\"@type\":\"ImageObject\",\"inLanguage\":\"fr-FR\",\"@id\":\"https:\\\/\\\/www.myphotobook.fr\\\/myinspirations\\\/photographier-comme-les-pros\\\/#primaryimage\",\"url\":\"\",\"contentUrl\":\"\"},{\"@type\":\"BreadcrumbList\",\"@id\":\"https:\\\/\\\/www.myphotobook.fr\\\/myinspirations\\\/photographier-comme-les-pros\\\/#breadcrumb\",\"itemListElement\":[{\"@type\":\"ListItem\",\"position\":1,\"name\":\"Startseite\",\"item\":\"https:\\\/\\\/www.myphotobook.fr\\\/myinspirations\\\/\"},{\"@type\":\"ListItem\",\"position\":2,\"name\":\"Photographier comme les pros\"}]},{\"@type\":\"WebSite\",\"@id\":\"https:\\\/\\\/www.myphotobook.fr\\\/myinspirations\\\/#website\",\"url\":\"https:\\\/\\\/www.myphotobook.fr\\\/myinspirations\\\/\",\"name\":\"MyInspirations\",\"description\":\"\",\"publisher\":{\"@id\":\"https:\\\/\\\/www.myphotobook.fr\\\/myinspirations\\\/#organization\"},\"alternateName\":\"Le magazine de MyPhotoBook\",\"potentialAction\":[{\"@type\":\"SearchAction\",\"target\":{\"@type\":\"EntryPoint\",\"urlTemplate\":\"https:\\\/\\\/www.myphotobook.fr\\\/myinspirations\\\/?s={search_term_string}\"},\"query-input\":{\"@type\":\"PropertyValueSpecification\",\"valueRequired\":true,\"valueName\":\"search_term_string\"}}],\"inLanguage\":\"fr-FR\"},{\"@type\":\"Organization\",\"@id\":\"https:\\\/\\\/www.myphotobook.fr\\\/myinspirations\\\/#organization\",\"name\":\"myphotobook GmbH\",\"alternateName\":\"myphotobook\",\"url\":\"https:\\\/\\\/www.myphotobook.fr\\\/myinspirations\\\/\",\"logo\":{\"@type\":\"ImageObject\",\"inLanguage\":\"fr-FR\",\"@id\":\"https:\\\/\\\/www.myphotobook.fr\\\/myinspirations\\\/#\\\/schema\\\/logo\\\/image\\\/\",\"url\":\"https:\\\/\\\/www.myphotobook.fr\\\/myinspirations\\\/wp-content\\\/uploads\\\/sites\\\/6\\\/2023\\\/03\\\/myphotobook-logo.png\",\"contentUrl\":\"https:\\\/\\\/www.myphotobook.fr\\\/myinspirations\\\/wp-content\\\/uploads\\\/sites\\\/6\\\/2023\\\/03\\\/myphotobook-logo.png\",\"width\":600,\"height\":600,\"caption\":\"myphotobook GmbH\"},\"image\":{\"@id\":\"https:\\\/\\\/www.myphotobook.fr\\\/myinspirations\\\/#\\\/schema\\\/logo\\\/image\\\/\"},\"sameAs\":[\"https:\\\/\\\/www.facebook.com\\\/myphotobookfr\\\/\"]},{\"@type\":\"Person\",\"@id\":\"https:\\\/\\\/www.myphotobook.fr\\\/myinspirations\\\/#\\\/schema\\\/person\\\/e23c60c98854fac09092d3b116795270\",\"name\":\"MyPhotoBook Redaktion\"}]}<\/script>\n<!-- \/ Yoast SEO plugin. -->","yoast_head_json":{"title":"Photographier comme les pros * MyInspirations * Le magazine de MyPhotoBook","robots":{"index":"index","follow":"follow","max-snippet":"max-snippet:-1","max-image-preview":"max-image-preview:large","max-video-preview":"max-video-preview:-1"},"canonical":"https:\/\/www.myphotobook.fr\/myinspirations\/photographier-comme-les-pros\/","og_locale":"fr_FR","og_type":"article","og_title":"Photographier comme les pros * MyInspirations * Le magazine de MyPhotoBook","og_description":"Photographier comme les pros Qui mieux que des photographes professionnels peuvent vous donner des conseils de pro pour vos photographies? Nous vous donnons ici, des astuces et des id\u00e9es pour des photos r\u00e9ussies et des clich\u00e9s po\u00e9tiques\u00a0! Notre experte Nadine Sch\u00f6nfeld, vous dit comment r\u00e9aliser des photos vraiment r\u00e9ussies comme celles qui suivent. Conseil num\u00e9ro [&hellip;]","og_url":"https:\/\/www.myphotobook.fr\/myinspirations\/photographier-comme-les-pros\/","og_site_name":"MyInspirations * Le magazine de MyPhotoBook","article_publisher":"https:\/\/www.facebook.com\/myphotobookfr\/","article_published_time":"2016-04-04T14:54:17+00:00","article_modified_time":"2023-03-16T07:51:15+00:00","og_image":[{"width":1200,"height":675,"url":"https:\/\/www.myphotobook.fr\/myinspirations\/wp-content\/uploads\/sites\/6\/2023\/03\/myinspirations-myphotobook-og.jpg","type":"image\/jpeg"}],"author":"MyPhotoBook Redaktion","twitter_card":"summary_large_image","twitter_misc":{"\u00c9crit par":"MyPhotoBook Redaktion","Dur\u00e9e de lecture estim\u00e9e":"2 minutes"},"schema":{"@context":"https:\/\/schema.org","@graph":[{"@type":"Article","@id":"https:\/\/www.myphotobook.fr\/myinspirations\/photographier-comme-les-pros\/#article","isPartOf":{"@id":"https:\/\/www.myphotobook.fr\/myinspirations\/photographier-comme-les-pros\/"},"author":{"name":"MyPhotoBook Redaktion","@id":"https:\/\/www.myphotobook.fr\/myinspirations\/#\/schema\/person\/e23c60c98854fac09092d3b116795270"},"headline":"Photographier comme les pros","datePublished":"2016-04-04T14:54:17+00:00","dateModified":"2023-03-16T07:51:15+00:00","mainEntityOfPage":{"@id":"https:\/\/www.myphotobook.fr\/myinspirations\/photographier-comme-les-pros\/"},"wordCount":387,"publisher":{"@id":"https:\/\/www.myphotobook.fr\/myinspirations\/#organization"},"image":{"@id":"https:\/\/www.myphotobook.fr\/myinspirations\/photographier-comme-les-pros\/#primaryimage"},"thumbnailUrl":"","articleSection":["Photo"],"inLanguage":"fr-FR"},{"@type":"WebPage","@id":"https:\/\/www.myphotobook.fr\/myinspirations\/photographier-comme-les-pros\/","url":"https:\/\/www.myphotobook.fr\/myinspirations\/photographier-comme-les-pros\/","name":"Photographier comme les pros * MyInspirations * Le magazine de MyPhotoBook","isPartOf":{"@id":"https:\/\/www.myphotobook.fr\/myinspirations\/#website"},"primaryImageOfPage":{"@id":"https:\/\/www.myphotobook.fr\/myinspirations\/photographier-comme-les-pros\/#primaryimage"},"image":{"@id":"https:\/\/www.myphotobook.fr\/myinspirations\/photographier-comme-les-pros\/#primaryimage"},"thumbnailUrl":"","datePublished":"2016-04-04T14:54:17+00:00","dateModified":"2023-03-16T07:51:15+00:00","breadcrumb":{"@id":"https:\/\/www.myphotobook.fr\/myinspirations\/photographier-comme-les-pros\/#breadcrumb"},"inLanguage":"fr-FR","potentialAction":[{"@type":"ReadAction","target":["https:\/\/www.myphotobook.fr\/myinspirations\/photographier-comme-les-pros\/"]}]},{"@type":"ImageObject","inLanguage":"fr-FR","@id":"https:\/\/www.myphotobook.fr\/myinspirations\/photographier-comme-les-pros\/#primaryimage","url":"","contentUrl":""},{"@type":"BreadcrumbList","@id":"https:\/\/www.myphotobook.fr\/myinspirations\/photographier-comme-les-pros\/#breadcrumb","itemListElement":[{"@type":"ListItem","position":1,"name":"Startseite","item":"https:\/\/www.myphotobook.fr\/myinspirations\/"},{"@type":"ListItem","position":2,"name":"Photographier comme les pros"}]},{"@type":"WebSite","@id":"https:\/\/www.myphotobook.fr\/myinspirations\/#website","url":"https:\/\/www.myphotobook.fr\/myinspirations\/","name":"MyInspirations","description":"","publisher":{"@id":"https:\/\/www.myphotobook.fr\/myinspirations\/#organization"},"alternateName":"Le magazine de MyPhotoBook","potentialAction":[{"@type":"SearchAction","target":{"@type":"EntryPoint","urlTemplate":"https:\/\/www.myphotobook.fr\/myinspirations\/?s={search_term_string}"},"query-input":{"@type":"PropertyValueSpecification","valueRequired":true,"valueName":"search_term_string"}}],"inLanguage":"fr-FR"},{"@type":"Organization","@id":"https:\/\/www.myphotobook.fr\/myinspirations\/#organization","name":"myphotobook GmbH","alternateName":"myphotobook","url":"https:\/\/www.myphotobook.fr\/myinspirations\/","logo":{"@type":"ImageObject","inLanguage":"fr-FR","@id":"https:\/\/www.myphotobook.fr\/myinspirations\/#\/schema\/logo\/image\/","url":"https:\/\/www.myphotobook.fr\/myinspirations\/wp-content\/uploads\/sites\/6\/2023\/03\/myphotobook-logo.png","contentUrl":"https:\/\/www.myphotobook.fr\/myinspirations\/wp-content\/uploads\/sites\/6\/2023\/03\/myphotobook-logo.png","width":600,"height":600,"caption":"myphotobook GmbH"},"image":{"@id":"https:\/\/www.myphotobook.fr\/myinspirations\/#\/schema\/logo\/image\/"},"sameAs":["https:\/\/www.facebook.com\/myphotobookfr\/"]},{"@type":"Person","@id":"https:\/\/www.myphotobook.fr\/myinspirations\/#\/schema\/person\/e23c60c98854fac09092d3b116795270","name":"MyPhotoBook Redaktion"}]}},"_links":{"self":[{"href":"https:\/\/www.myphotobook.fr\/myinspirations\/wp-json\/wp\/v2\/posts\/6","targetHints":{"allow":["GET"]}}],"collection":[{"href":"https:\/\/www.myphotobook.fr\/myinspirations\/wp-json\/wp\/v2\/posts"}],"about":[{"href":"https:\/\/www.myphotobook.fr\/myinspirations\/wp-json\/wp\/v2\/types\/post"}],"author":[{"embeddable":true,"href":"https:\/\/www.myphotobook.fr\/myinspirations\/wp-json\/wp\/v2\/users\/7"}],"replies":[{"embeddable":true,"href":"https:\/\/www.myphotobook.fr\/myinspirations\/wp-json\/wp\/v2\/comments?post=6"}],"version-history":[{"count":0,"href":"https:\/\/www.myphotobook.fr\/myinspirations\/wp-json\/wp\/v2\/posts\/6\/revisions"}],"wp:featuredmedia":[{"embeddable":true,"href":"https:\/\/www.myphotobook.fr\/myinspirations\/wp-json\/wp\/v2\/posts\/6"}],"wp:attachment":[{"href":"https:\/\/www.myphotobook.fr\/myinspirations\/wp-json\/wp\/v2\/media?parent=6"}],"wp:term":[{"taxonomy":"category","embeddable":true,"href":"https:\/\/www.myphotobook.fr\/myinspirations\/wp-json\/wp\/v2\/categories?post=6"},{"taxonomy":"post_tag","embeddable":true,"href":"https:\/\/www.myphotobook.fr\/myinspirations\/wp-json\/wp\/v2\/tags?post=6"}],"curies":[{"name":"wp","href":"https:\/\/api.w.org\/{rel}","templated":true}]}}