{"id":548,"date":"2017-06-21T15:08:01","date_gmt":"2017-06-21T13:08:01","guid":{"rendered":"http:\/\/www.myphotobook.fr\/myinspirations\/?p=548"},"modified":"2023-03-16T08:50:53","modified_gmt":"2023-03-16T07:50:53","slug":"planifiez-votre-tour-du-monde-les-premieres-etapes-du-voyage","status":"publish","type":"post","link":"https:\/\/www.myphotobook.fr\/myinspirations\/planifiez-votre-tour-du-monde-les-premieres-etapes-du-voyage\/","title":{"rendered":"PLANIFIER VOTRE TOUR DU MONDE : LES PREMI\u00c8RES \u00c9TAPES DU VOYAGE"},"content":{"rendered":"<p><em>\u00ab\u00a0Le voyage seul est la vie, comme \u00e0 l&rsquo;inverse, la vie c&rsquo;est le voyage.\u00a0\u00bb. <\/em>Ce qu&rsquo;affirmait Johann Paul Friedrich Richter au XVIIIe si\u00e8cle est encore tr\u00e8s vrai \u00e0 l&rsquo;heure actuelle. Les grands aventuriers profitent d&rsquo;une <strong>ann\u00e9e sabbatique<\/strong> convenue avec leur employeur ou d&rsquo;une pause lors d&rsquo;un changement d&#8217;emploi pour <strong>faire un voyage<\/strong> bien plus long que la normale.<\/p>\n<p>Vous pensez peut-\u00eatre que cela serait pratiquement impossible pour vous\u00a0: trop cher, trop de responsabilit\u00e9s \u00e0 la maison, trop aventureux\u00a0? Moi aussi, c&rsquo;est exactement ce que je pensais quand j&rsquo;ai pens\u00e9 \u00e0 partir en voyage pour la premi\u00e8re fois. Et puis, d\u00e9but 2016, je me suis retrouv\u00e9 avec un <strong>billet d\u2019avion<\/strong> pour un tour du monde entre les mains et j&rsquo;ai quitt\u00e9 la France pour six mois. Voici comment j&rsquo;ai commenc\u00e9 \u00e0 pr\u00e9parer mon tour du monde.<\/p>\n<h2>Voyage : mon tour du monde\u00a0&#8211; la pr\u00e9paration<\/h2>\n<h3>Phase 1<\/h3>\n<p>Durant les pr\u00e9paratifs et plus tard durant mon voyage, j\u2019ai rencontr\u00e9 beaucoup de personnes partageant les m\u00eames id\u00e9es et nous \u00e9tions tous d\u2019accord\u00a0sur le fait que tout commence avec le simple fait de vouloir partir faire un<strong> tour du monde<\/strong>. L\u2019id\u00e9e de faire le tour du monde n&rsquo;est pas quelque chose d&rsquo;inn\u00e9, mais il s&rsquo;agit plut\u00f4t d&rsquo;une id\u00e9e qui m\u00fbrit tout doucement. \u00c0 travers les r\u00e9cits d&rsquo;autrui, \u00e0 travers les livres, \u00e0 travers les <strong>documentaires<\/strong> \u00e0 la t\u00e9l\u00e9vision et \u00e0 travers une question qui devient de plus en plus pressante\u00a0: cela se passe-t-il r\u00e9ellement comme \u00e7a\u00a0? Pourrais-je le faire, moi aussi\u00a0?<\/p>\n<h3><strong>Phase 2\u00a0<\/strong><\/h3>\n<p>Fantasmes et grands projets. Si je pouvais voyager, o\u00f9 irais-je\u00a0? On commence d&rsquo;abord par faire une liste des <strong>destinations de r\u00eave<\/strong>, pour entrer ensuite dans les d\u00e9tails : comment le pays accueille-t-il les <strong>touristes\u00a0<\/strong>? Y-a-t-il des dangers pour les voyageurs\u00a0? Quel est la meilleure saison pour visiter le pays\u00a0? Et, petit \u00e0 petit une liste prend forme.<\/p>\n<p>&nbsp;<\/p>\n<figure id=\"attachment_551\" aria-describedby=\"caption-attachment-551\" style=\"width: 232px\" class=\"wp-caption aligncenter\"><img decoding=\"async\" class=\"wp-image-551\" title=\"Destinations de voyage\" src=\"https:\/\/www.myphotobook.fr\/myinspirations\/wp-content\/uploads\/sites\/6\/2017\/06\/meine-Liste_Fr-191x300.png\" alt=\"\" width=\"232\" height=\"364\" srcset=\"https:\/\/www.myphotobook.fr\/myinspirations\/wp-content\/uploads\/sites\/6\/2017\/06\/meine-Liste_Fr-191x300.png 191w, https:\/\/www.myphotobook.fr\/myinspirations\/wp-content\/uploads\/sites\/6\/2017\/06\/meine-Liste_Fr-651x1024.png 651w, https:\/\/www.myphotobook.fr\/myinspirations\/wp-content\/uploads\/sites\/6\/2017\/06\/meine-Liste_Fr.png 750w\" sizes=\"(max-width: 232px) 100vw, 232px\" \/><figcaption id=\"caption-attachment-551\" class=\"wp-caption-text\">Mes destinations de voyage<\/figcaption><\/figure>\n<h2><\/h2>\n<h2>Pr\u00e9parer son voyage autour du monde : les frais<\/h2>\n<h3><strong>Phase 3\u00a0<\/strong><\/h3>\n<h4>Les d\u00e9penses en g\u00e9n\u00e9ral<\/h4>\n<p>Tout est question de <strong>calcul<\/strong>. Juste par curiosit\u00e9 on fait rapidement quelques calculs. Un coup d&rsquo;\u0153il sur <a href=\"https:\/\/www.booking.com\/index.fr.html\">Booking.com<\/a>, <a href=\"https:\/\/www.airbnb.fr\/\">airbnb <\/a>et <a href=\"https:\/\/www.french.hostelworld.com\/\">hostelworld <\/a>pour avoir une id\u00e9e rapide du prix de <strong>l&rsquo;h\u00e9bergement<\/strong>. Le calcul de ces frais est \u00e9galement un bon indicateur d&rsquo;un co\u00fbt approximatif de la vie en g\u00e9n\u00e9ral. Les frais d\u2019h\u00e9bergement sont-ils \u00e0 peu pr\u00e8s les m\u00eames que dans notre propre pays\u00a0? La r\u00e9ponse \u00e0 cette question vous permettra ensuite de d\u00e9finir les prix moyens pour les repas, les boissons et les sorties.<\/p>\n<p>Il convient d&rsquo;ajouter les <strong>frais r\u00e9sultant de votre absence<\/strong> dans votre pays d&rsquo;origine.<\/p>\n<ul>\n<li>Sous-location de votre logement. Demandez bien s\u00fbr d&rsquo;abord l\u2019autorisation \u00e0 votre propri\u00e9taire si besoin.<\/li>\n<li>Suspensions de L&rsquo;assurance maladie. N&rsquo;a de sens que si vous restez plus longtemps \u00e0 l\u2019\u00e9tranger car celle-ci est inefficace durant votre voyage et vous avez besoin d\u2019une assurance maladie sp\u00e9ciale pour l&rsquo;\u00e9tranger.\u00a0Pouvez-vous \u00e9galement suspendre d&rsquo;autres assurances pendant votre absence ?<\/li>\n<li>Location de votre voiture : pouvez la louer \u00e0 des amis ou \u00e0 des proches.<\/li>\n<\/ul>\n<h4>Autres d\u00e9penses\u00a0: le transport.<\/h4>\n<ul>\n<li>J&rsquo;ai fait le tour des offres sur Internet et j&rsquo;ai finalement opt\u00e9 pour un billet Around the World de STA Travel. Vous \u00eates \u00e9tudiant ? Excellent. Vous b\u00e9n\u00e9ficiez d&rsquo;une r\u00e9duction sur votre billet. Toutefois, cela ne fait aucun mal de contr\u00f4ler \u00e9galement les prix des diff\u00e9rentes compagnies a\u00e9riennes. Si votre liste comprend des destinations tr\u00e8s populaires, vous pourriez trouver de tr\u00e8s bonnes affaires.<\/li>\n<li>En fonction du pays qui vous int\u00e9resse, profitez-en pour contr\u00f4ler \u00e9galement les moyens de locomotion locaux.\u00a0En <strong>Asie\u00a0?<\/strong>\u00a0Vous vous d\u00e9placerez en bus ou en bateaux. \u00a0Vous \u00e9conomiserez en moyenne 10 % \u00e0 50 % sur le prix des moyens de transport r\u00e9serv\u00e9s aux touristes. En <strong>Nouvelle Z\u00e9lande\u00a0?<\/strong>\u00a0Impossible d&rsquo;\u00e9viter le camping-car. Voyage et h\u00e9bergement deux en un : vous ne trouverez pas moins cher et plus confortable. Aux <strong>USA\u00a0?<\/strong> Voiture de location et motel.<\/li>\n<\/ul>\n<h3>Phase 4<\/h3>\n<p>Vous \u00eates maintenant arriv\u00e9 au bout de la liste des prix et vous \u00eates fait une id\u00e9e des d\u00e9penses auxquelles vous devrez faire face pour r\u00e9aliser votre r\u00eave. En fonction de votre \u00e9pargne mensuelle, vous savez maintenant pendant combien de temps vous devrez mettre de l&rsquo;argent de c\u00f4t\u00e9 avant de pouvoir prendre le large. Peut-\u00eatre pourriez-vous revoir votre s\u00e9lection de pays ou la dur\u00e9e de votre s\u00e9jour dans les diff\u00e9rents pays\u00a0? L&rsquo;Asie est tr\u00e8s bon march\u00e9, tandis que Hawa\u00ef est par exemple tr\u00e8s cher. Peut-\u00eatre pourriez-vous convenir d&rsquo;une r\u00e9mun\u00e9ration alternative avec votre employeur, par exemple le maintien de votre salaire \u00e0 hauteur de 50\u00a0%\u00a0? Vous avez peut-\u00eatre pr\u00e9vu un voyage alliant travail et plaisir\u00a0? En Australie, si vous avez moins de 30 ans, vous pouvez obtenir visa vacances-travail, tout comme au Canada si vous avez moins de 35 ans.<\/p>\n<p>Avec un objectif pr\u00e9cis en t\u00eate, vous verrez avec quelle facilit\u00e9 vous r\u00e9ussirez \u00e0 mettre de l\u2019argent de c\u00f4t\u00e9. Et d\u00e9sormais, chaque information que vous recueillerez vous rapprochera de votre r\u00eave d\u2019un s\u00e9jour longue dur\u00e9e \u00e0 l\u2019\u00e9tranger.<\/p>\n<p>&nbsp;<\/p>\n<h3>Bon voyage\u00a0!<\/h3>\n<p>Sabrina<\/p>\n","protected":false},"excerpt":{"rendered":"<p>\u00ab\u00a0Le voyage seul est la vie, comme \u00e0 l&rsquo;inverse, la vie c&rsquo;est le voyage.\u00a0\u00bb. Ce qu&rsquo;affirmait Johann Paul Friedrich Richter au XVIIIe si\u00e8cle est encore tr\u00e8s vrai \u00e0 l&rsquo;heure actuelle. Les grands aventuriers profitent d&rsquo;une ann\u00e9e sabbatique convenue avec leur employeur ou d&rsquo;une pause lors d&rsquo;un changement d&#8217;emploi pour faire un voyage bien plus long [&hellip;]<\/p>\n","protected":false},"author":7,"featured_media":550,"comment_status":"closed","ping_status":"open","sticky":false,"template":"","format":"standard","meta":{"inline_featured_image":false,"site-sidebar-layout":"default","site-content-layout":"","ast-site-content-layout":"default","site-content-style":"default","site-sidebar-style":"default","ast-global-header-display":"","ast-banner-title-visibility":"","ast-main-header-display":"","ast-hfb-above-header-display":"","ast-hfb-below-header-display":"","ast-hfb-mobile-header-display":"","site-post-title":"","ast-breadcrumbs-content":"","ast-featured-img":"","footer-sml-layout":"","ast-disable-related-posts":"","theme-transparent-header-meta":"","adv-header-id-meta":"","stick-header-meta":"","header-above-stick-meta":"","header-main-stick-meta":"","header-below-stick-meta":"","astra-migrate-meta-layouts":"default","ast-page-background-enabled":"default","ast-page-background-meta":{"desktop":{"background-color":"var(--ast-global-color-4)","background-image":"","background-repeat":"repeat","background-position":"center center","background-size":"auto","background-attachment":"scroll","background-type":"","background-media":"","overlay-type":"","overlay-color":"","overlay-opacity":"","overlay-gradient":""},"tablet":{"background-color":"","background-image":"","background-repeat":"repeat","background-position":"center center","background-size":"auto","background-attachment":"scroll","background-type":"","background-media":"","overlay-type":"","overlay-color":"","overlay-opacity":"","overlay-gradient":""},"mobile":{"background-color":"","background-image":"","background-repeat":"repeat","background-position":"center center","background-size":"auto","background-attachment":"scroll","background-type":"","background-media":"","overlay-type":"","overlay-color":"","overlay-opacity":"","overlay-gradient":""}},"ast-content-background-meta":{"desktop":{"background-color":"var(--ast-global-color-5)","background-image":"","background-repeat":"repeat","background-position":"center center","background-size":"auto","background-attachment":"scroll","background-type":"","background-media":"","overlay-type":"","overlay-color":"","overlay-opacity":"","overlay-gradient":""},"tablet":{"background-color":"var(--ast-global-color-5)","background-image":"","background-repeat":"repeat","background-position":"center center","background-size":"auto","background-attachment":"scroll","background-type":"","background-media":"","overlay-type":"","overlay-color":"","overlay-opacity":"","overlay-gradient":""},"mobile":{"background-color":"var(--ast-global-color-5)","background-image":"","background-repeat":"repeat","background-position":"center center","background-size":"auto","background-attachment":"scroll","background-type":"","background-media":"","overlay-type":"","overlay-color":"","overlay-opacity":"","overlay-gradient":""}},"footnotes":""},"categories":[17],"tags":[54,55,56],"class_list":["post-548","post","type-post","status-publish","format-standard","has-post-thumbnail","hentry","category-voyage","tag-annee-sabatique","tag-tour-du-monde","tag-voyage"],"yoast_head":"<!-- This site is optimized with the Yoast SEO plugin v27.2 - https:\/\/yoast.com\/product\/yoast-seo-wordpress\/ -->\n<title>PLANIFIER VOTRE TOUR DU MONDE : LES PREMI\u00c8RES \u00c9TAPES DU VOYAGE * MyInspirations * Le magazine de MyPhotoBook<\/title>\n<meta name=\"description\" content=\"Dossier pratique pour pr\u00e9parer votre voyage : destinations, h\u00e9bergement, bons plans. Organisez votre tour du monde par \u00e9tapes et r\u00e9alisez votre r\u00eave.\" \/>\n<meta name=\"robots\" content=\"index, follow, max-snippet:-1, max-image-preview:large, max-video-preview:-1\" \/>\n<link rel=\"canonical\" href=\"https:\/\/www.myphotobook.fr\/myinspirations\/planifiez-votre-tour-du-monde-les-premieres-etapes-du-voyage\/\" \/>\n<meta property=\"og:locale\" content=\"fr_FR\" \/>\n<meta property=\"og:type\" content=\"article\" \/>\n<meta property=\"og:title\" content=\"PLANIFIER VOTRE TOUR DU MONDE : LES PREMI\u00c8RES \u00c9TAPES DU VOYAGE * MyInspirations * Le magazine de MyPhotoBook\" \/>\n<meta property=\"og:description\" content=\"Dossier pratique pour pr\u00e9parer votre voyage : destinations, h\u00e9bergement, bons plans. Organisez votre tour du monde par \u00e9tapes et r\u00e9alisez votre r\u00eave.\" \/>\n<meta property=\"og:url\" content=\"https:\/\/www.myphotobook.fr\/myinspirations\/planifiez-votre-tour-du-monde-les-premieres-etapes-du-voyage\/\" \/>\n<meta property=\"og:site_name\" content=\"MyInspirations * Le magazine de MyPhotoBook\" \/>\n<meta property=\"article:publisher\" content=\"https:\/\/www.facebook.com\/myphotobookfr\/\" \/>\n<meta property=\"article:published_time\" content=\"2017-06-21T13:08:01+00:00\" \/>\n<meta property=\"article:modified_time\" content=\"2023-03-16T07:50:53+00:00\" \/>\n<meta property=\"og:image\" content=\"https:\/\/www.myphotobook.fr\/myinspirations\/wp-content\/uploads\/sites\/6\/2017\/06\/Titelbild_Weltreise-kosten.jpg\" \/>\n\t<meta property=\"og:image:width\" content=\"1000\" \/>\n\t<meta property=\"og:image:height\" content=\"684\" \/>\n\t<meta property=\"og:image:type\" content=\"image\/jpeg\" \/>\n<meta name=\"author\" content=\"MyPhotoBook Redaktion\" \/>\n<meta name=\"twitter:card\" content=\"summary_large_image\" \/>\n<meta name=\"twitter:label1\" content=\"\u00c9crit par\" \/>\n\t<meta name=\"twitter:data1\" content=\"MyPhotoBook Redaktion\" \/>\n\t<meta name=\"twitter:label2\" content=\"Dur\u00e9e de lecture estim\u00e9e\" \/>\n\t<meta name=\"twitter:data2\" content=\"4 minutes\" \/>\n<script type=\"application\/ld+json\" class=\"yoast-schema-graph\">{\"@context\":\"https:\/\/schema.org\",\"@graph\":[{\"@type\":\"Article\",\"@id\":\"https:\/\/www.myphotobook.fr\/myinspirations\/planifiez-votre-tour-du-monde-les-premieres-etapes-du-voyage\/#article\",\"isPartOf\":{\"@id\":\"https:\/\/www.myphotobook.fr\/myinspirations\/planifiez-votre-tour-du-monde-les-premieres-etapes-du-voyage\/\"},\"author\":{\"name\":\"MyPhotoBook Redaktion\",\"@id\":\"https:\/\/www.myphotobook.fr\/myinspirations\/#\/schema\/person\/e23c60c98854fac09092d3b116795270\"},\"headline\":\"PLANIFIER VOTRE TOUR DU MONDE : LES PREMI\u00c8RES \u00c9TAPES DU VOYAGE\",\"datePublished\":\"2017-06-21T13:08:01+00:00\",\"dateModified\":\"2023-03-16T07:50:53+00:00\",\"mainEntityOfPage\":{\"@id\":\"https:\/\/www.myphotobook.fr\/myinspirations\/planifiez-votre-tour-du-monde-les-premieres-etapes-du-voyage\/\"},\"wordCount\":923,\"publisher\":{\"@id\":\"https:\/\/www.myphotobook.fr\/myinspirations\/#organization\"},\"image\":{\"@id\":\"https:\/\/www.myphotobook.fr\/myinspirations\/planifiez-votre-tour-du-monde-les-premieres-etapes-du-voyage\/#primaryimage\"},\"thumbnailUrl\":\"https:\/\/www.myphotobook.fr\/myinspirations\/wp-content\/uploads\/sites\/6\/2017\/06\/Titelbild_Weltreise-kosten.jpg\",\"keywords\":[\"ann\u00e9e sabatique\",\"tour du monde\",\"voyage\"],\"articleSection\":[\"Voyage\"],\"inLanguage\":\"fr-FR\"},{\"@type\":\"WebPage\",\"@id\":\"https:\/\/www.myphotobook.fr\/myinspirations\/planifiez-votre-tour-du-monde-les-premieres-etapes-du-voyage\/\",\"url\":\"https:\/\/www.myphotobook.fr\/myinspirations\/planifiez-votre-tour-du-monde-les-premieres-etapes-du-voyage\/\",\"name\":\"PLANIFIER VOTRE TOUR DU MONDE : LES PREMI\u00c8RES \u00c9TAPES DU VOYAGE * MyInspirations * Le magazine de MyPhotoBook\",\"isPartOf\":{\"@id\":\"https:\/\/www.myphotobook.fr\/myinspirations\/#website\"},\"primaryImageOfPage\":{\"@id\":\"https:\/\/www.myphotobook.fr\/myinspirations\/planifiez-votre-tour-du-monde-les-premieres-etapes-du-voyage\/#primaryimage\"},\"image\":{\"@id\":\"https:\/\/www.myphotobook.fr\/myinspirations\/planifiez-votre-tour-du-monde-les-premieres-etapes-du-voyage\/#primaryimage\"},\"thumbnailUrl\":\"https:\/\/www.myphotobook.fr\/myinspirations\/wp-content\/uploads\/sites\/6\/2017\/06\/Titelbild_Weltreise-kosten.jpg\",\"datePublished\":\"2017-06-21T13:08:01+00:00\",\"dateModified\":\"2023-03-16T07:50:53+00:00\",\"description\":\"Dossier pratique pour pr\u00e9parer votre voyage : destinations, h\u00e9bergement, bons plans. Organisez votre tour du monde par \u00e9tapes et r\u00e9alisez votre r\u00eave.\",\"breadcrumb\":{\"@id\":\"https:\/\/www.myphotobook.fr\/myinspirations\/planifiez-votre-tour-du-monde-les-premieres-etapes-du-voyage\/#breadcrumb\"},\"inLanguage\":\"fr-FR\",\"potentialAction\":[{\"@type\":\"ReadAction\",\"target\":[\"https:\/\/www.myphotobook.fr\/myinspirations\/planifiez-votre-tour-du-monde-les-premieres-etapes-du-voyage\/\"]}]},{\"@type\":\"ImageObject\",\"inLanguage\":\"fr-FR\",\"@id\":\"https:\/\/www.myphotobook.fr\/myinspirations\/planifiez-votre-tour-du-monde-les-premieres-etapes-du-voyage\/#primaryimage\",\"url\":\"https:\/\/www.myphotobook.fr\/myinspirations\/wp-content\/uploads\/sites\/6\/2017\/06\/Titelbild_Weltreise-kosten.jpg\",\"contentUrl\":\"https:\/\/www.myphotobook.fr\/myinspirations\/wp-content\/uploads\/sites\/6\/2017\/06\/Titelbild_Weltreise-kosten.jpg\",\"width\":1000,\"height\":684,\"caption\":\"Photo Voyage\"},{\"@type\":\"BreadcrumbList\",\"@id\":\"https:\/\/www.myphotobook.fr\/myinspirations\/planifiez-votre-tour-du-monde-les-premieres-etapes-du-voyage\/#breadcrumb\",\"itemListElement\":[{\"@type\":\"ListItem\",\"position\":1,\"name\":\"Startseite\",\"item\":\"https:\/\/www.myphotobook.fr\/myinspirations\/\"},{\"@type\":\"ListItem\",\"position\":2,\"name\":\"PLANIFIER VOTRE TOUR DU MONDE : LES PREMI\u00c8RES \u00c9TAPES DU VOYAGE\"}]},{\"@type\":\"WebSite\",\"@id\":\"https:\/\/www.myphotobook.fr\/myinspirations\/#website\",\"url\":\"https:\/\/www.myphotobook.fr\/myinspirations\/\",\"name\":\"MyInspirations\",\"description\":\"\",\"publisher\":{\"@id\":\"https:\/\/www.myphotobook.fr\/myinspirations\/#organization\"},\"alternateName\":\"Le magazine de MyPhotoBook\",\"potentialAction\":[{\"@type\":\"SearchAction\",\"target\":{\"@type\":\"EntryPoint\",\"urlTemplate\":\"https:\/\/www.myphotobook.fr\/myinspirations\/?s={search_term_string}\"},\"query-input\":{\"@type\":\"PropertyValueSpecification\",\"valueRequired\":true,\"valueName\":\"search_term_string\"}}],\"inLanguage\":\"fr-FR\"},{\"@type\":\"Organization\",\"@id\":\"https:\/\/www.myphotobook.fr\/myinspirations\/#organization\",\"name\":\"myphotobook GmbH\",\"alternateName\":\"myphotobook\",\"url\":\"https:\/\/www.myphotobook.fr\/myinspirations\/\",\"logo\":{\"@type\":\"ImageObject\",\"inLanguage\":\"fr-FR\",\"@id\":\"https:\/\/www.myphotobook.fr\/myinspirations\/#\/schema\/logo\/image\/\",\"url\":\"https:\/\/www.myphotobook.fr\/myinspirations\/wp-content\/uploads\/sites\/6\/2023\/03\/myphotobook-logo.png\",\"contentUrl\":\"https:\/\/www.myphotobook.fr\/myinspirations\/wp-content\/uploads\/sites\/6\/2023\/03\/myphotobook-logo.png\",\"width\":600,\"height\":600,\"caption\":\"myphotobook GmbH\"},\"image\":{\"@id\":\"https:\/\/www.myphotobook.fr\/myinspirations\/#\/schema\/logo\/image\/\"},\"sameAs\":[\"https:\/\/www.facebook.com\/myphotobookfr\/\"]},{\"@type\":\"Person\",\"@id\":\"https:\/\/www.myphotobook.fr\/myinspirations\/#\/schema\/person\/e23c60c98854fac09092d3b116795270\",\"name\":\"MyPhotoBook Redaktion\"}]}<\/script>\n<!-- \/ Yoast SEO plugin. -->","yoast_head_json":{"title":"PLANIFIER VOTRE TOUR DU MONDE : LES PREMI\u00c8RES \u00c9TAPES DU VOYAGE * MyInspirations * Le magazine de MyPhotoBook","description":"Dossier pratique pour pr\u00e9parer votre voyage : destinations, h\u00e9bergement, bons plans. Organisez votre tour du monde par \u00e9tapes et r\u00e9alisez votre r\u00eave.","robots":{"index":"index","follow":"follow","max-snippet":"max-snippet:-1","max-image-preview":"max-image-preview:large","max-video-preview":"max-video-preview:-1"},"canonical":"https:\/\/www.myphotobook.fr\/myinspirations\/planifiez-votre-tour-du-monde-les-premieres-etapes-du-voyage\/","og_locale":"fr_FR","og_type":"article","og_title":"PLANIFIER VOTRE TOUR DU MONDE : LES PREMI\u00c8RES \u00c9TAPES DU VOYAGE * MyInspirations * Le magazine de MyPhotoBook","og_description":"Dossier pratique pour pr\u00e9parer votre voyage : destinations, h\u00e9bergement, bons plans. Organisez votre tour du monde par \u00e9tapes et r\u00e9alisez votre r\u00eave.","og_url":"https:\/\/www.myphotobook.fr\/myinspirations\/planifiez-votre-tour-du-monde-les-premieres-etapes-du-voyage\/","og_site_name":"MyInspirations * Le magazine de MyPhotoBook","article_publisher":"https:\/\/www.facebook.com\/myphotobookfr\/","article_published_time":"2017-06-21T13:08:01+00:00","article_modified_time":"2023-03-16T07:50:53+00:00","og_image":[{"width":1000,"height":684,"url":"https:\/\/www.myphotobook.fr\/myinspirations\/wp-content\/uploads\/sites\/6\/2017\/06\/Titelbild_Weltreise-kosten.jpg","type":"image\/jpeg"}],"author":"MyPhotoBook Redaktion","twitter_card":"summary_large_image","twitter_misc":{"\u00c9crit par":"MyPhotoBook Redaktion","Dur\u00e9e de lecture estim\u00e9e":"4 minutes"},"schema":{"@context":"https:\/\/schema.org","@graph":[{"@type":"Article","@id":"https:\/\/www.myphotobook.fr\/myinspirations\/planifiez-votre-tour-du-monde-les-premieres-etapes-du-voyage\/#article","isPartOf":{"@id":"https:\/\/www.myphotobook.fr\/myinspirations\/planifiez-votre-tour-du-monde-les-premieres-etapes-du-voyage\/"},"author":{"name":"MyPhotoBook Redaktion","@id":"https:\/\/www.myphotobook.fr\/myinspirations\/#\/schema\/person\/e23c60c98854fac09092d3b116795270"},"headline":"PLANIFIER VOTRE TOUR DU MONDE : LES PREMI\u00c8RES \u00c9TAPES DU VOYAGE","datePublished":"2017-06-21T13:08:01+00:00","dateModified":"2023-03-16T07:50:53+00:00","mainEntityOfPage":{"@id":"https:\/\/www.myphotobook.fr\/myinspirations\/planifiez-votre-tour-du-monde-les-premieres-etapes-du-voyage\/"},"wordCount":923,"publisher":{"@id":"https:\/\/www.myphotobook.fr\/myinspirations\/#organization"},"image":{"@id":"https:\/\/www.myphotobook.fr\/myinspirations\/planifiez-votre-tour-du-monde-les-premieres-etapes-du-voyage\/#primaryimage"},"thumbnailUrl":"https:\/\/www.myphotobook.fr\/myinspirations\/wp-content\/uploads\/sites\/6\/2017\/06\/Titelbild_Weltreise-kosten.jpg","keywords":["ann\u00e9e sabatique","tour du monde","voyage"],"articleSection":["Voyage"],"inLanguage":"fr-FR"},{"@type":"WebPage","@id":"https:\/\/www.myphotobook.fr\/myinspirations\/planifiez-votre-tour-du-monde-les-premieres-etapes-du-voyage\/","url":"https:\/\/www.myphotobook.fr\/myinspirations\/planifiez-votre-tour-du-monde-les-premieres-etapes-du-voyage\/","name":"PLANIFIER VOTRE TOUR DU MONDE : LES PREMI\u00c8RES \u00c9TAPES DU VOYAGE * MyInspirations * Le magazine de MyPhotoBook","isPartOf":{"@id":"https:\/\/www.myphotobook.fr\/myinspirations\/#website"},"primaryImageOfPage":{"@id":"https:\/\/www.myphotobook.fr\/myinspirations\/planifiez-votre-tour-du-monde-les-premieres-etapes-du-voyage\/#primaryimage"},"image":{"@id":"https:\/\/www.myphotobook.fr\/myinspirations\/planifiez-votre-tour-du-monde-les-premieres-etapes-du-voyage\/#primaryimage"},"thumbnailUrl":"https:\/\/www.myphotobook.fr\/myinspirations\/wp-content\/uploads\/sites\/6\/2017\/06\/Titelbild_Weltreise-kosten.jpg","datePublished":"2017-06-21T13:08:01+00:00","dateModified":"2023-03-16T07:50:53+00:00","description":"Dossier pratique pour pr\u00e9parer votre voyage : destinations, h\u00e9bergement, bons plans. Organisez votre tour du monde par \u00e9tapes et r\u00e9alisez votre r\u00eave.","breadcrumb":{"@id":"https:\/\/www.myphotobook.fr\/myinspirations\/planifiez-votre-tour-du-monde-les-premieres-etapes-du-voyage\/#breadcrumb"},"inLanguage":"fr-FR","potentialAction":[{"@type":"ReadAction","target":["https:\/\/www.myphotobook.fr\/myinspirations\/planifiez-votre-tour-du-monde-les-premieres-etapes-du-voyage\/"]}]},{"@type":"ImageObject","inLanguage":"fr-FR","@id":"https:\/\/www.myphotobook.fr\/myinspirations\/planifiez-votre-tour-du-monde-les-premieres-etapes-du-voyage\/#primaryimage","url":"https:\/\/www.myphotobook.fr\/myinspirations\/wp-content\/uploads\/sites\/6\/2017\/06\/Titelbild_Weltreise-kosten.jpg","contentUrl":"https:\/\/www.myphotobook.fr\/myinspirations\/wp-content\/uploads\/sites\/6\/2017\/06\/Titelbild_Weltreise-kosten.jpg","width":1000,"height":684,"caption":"Photo Voyage"},{"@type":"BreadcrumbList","@id":"https:\/\/www.myphotobook.fr\/myinspirations\/planifiez-votre-tour-du-monde-les-premieres-etapes-du-voyage\/#breadcrumb","itemListElement":[{"@type":"ListItem","position":1,"name":"Startseite","item":"https:\/\/www.myphotobook.fr\/myinspirations\/"},{"@type":"ListItem","position":2,"name":"PLANIFIER VOTRE TOUR DU MONDE : LES PREMI\u00c8RES \u00c9TAPES DU VOYAGE"}]},{"@type":"WebSite","@id":"https:\/\/www.myphotobook.fr\/myinspirations\/#website","url":"https:\/\/www.myphotobook.fr\/myinspirations\/","name":"MyInspirations","description":"","publisher":{"@id":"https:\/\/www.myphotobook.fr\/myinspirations\/#organization"},"alternateName":"Le magazine de MyPhotoBook","potentialAction":[{"@type":"SearchAction","target":{"@type":"EntryPoint","urlTemplate":"https:\/\/www.myphotobook.fr\/myinspirations\/?s={search_term_string}"},"query-input":{"@type":"PropertyValueSpecification","valueRequired":true,"valueName":"search_term_string"}}],"inLanguage":"fr-FR"},{"@type":"Organization","@id":"https:\/\/www.myphotobook.fr\/myinspirations\/#organization","name":"myphotobook GmbH","alternateName":"myphotobook","url":"https:\/\/www.myphotobook.fr\/myinspirations\/","logo":{"@type":"ImageObject","inLanguage":"fr-FR","@id":"https:\/\/www.myphotobook.fr\/myinspirations\/#\/schema\/logo\/image\/","url":"https:\/\/www.myphotobook.fr\/myinspirations\/wp-content\/uploads\/sites\/6\/2023\/03\/myphotobook-logo.png","contentUrl":"https:\/\/www.myphotobook.fr\/myinspirations\/wp-content\/uploads\/sites\/6\/2023\/03\/myphotobook-logo.png","width":600,"height":600,"caption":"myphotobook GmbH"},"image":{"@id":"https:\/\/www.myphotobook.fr\/myinspirations\/#\/schema\/logo\/image\/"},"sameAs":["https:\/\/www.facebook.com\/myphotobookfr\/"]},{"@type":"Person","@id":"https:\/\/www.myphotobook.fr\/myinspirations\/#\/schema\/person\/e23c60c98854fac09092d3b116795270","name":"MyPhotoBook Redaktion"}]}},"_links":{"self":[{"href":"https:\/\/www.myphotobook.fr\/myinspirations\/wp-json\/wp\/v2\/posts\/548","targetHints":{"allow":["GET"]}}],"collection":[{"href":"https:\/\/www.myphotobook.fr\/myinspirations\/wp-json\/wp\/v2\/posts"}],"about":[{"href":"https:\/\/www.myphotobook.fr\/myinspirations\/wp-json\/wp\/v2\/types\/post"}],"author":[{"embeddable":true,"href":"https:\/\/www.myphotobook.fr\/myinspirations\/wp-json\/wp\/v2\/users\/7"}],"replies":[{"embeddable":true,"href":"https:\/\/www.myphotobook.fr\/myinspirations\/wp-json\/wp\/v2\/comments?post=548"}],"version-history":[{"count":0,"href":"https:\/\/www.myphotobook.fr\/myinspirations\/wp-json\/wp\/v2\/posts\/548\/revisions"}],"wp:featuredmedia":[{"embeddable":true,"href":"https:\/\/www.myphotobook.fr\/myinspirations\/wp-json\/wp\/v2\/media\/550"}],"wp:attachment":[{"href":"https:\/\/www.myphotobook.fr\/myinspirations\/wp-json\/wp\/v2\/media?parent=548"}],"wp:term":[{"taxonomy":"category","embeddable":true,"href":"https:\/\/www.myphotobook.fr\/myinspirations\/wp-json\/wp\/v2\/categories?post=548"},{"taxonomy":"post_tag","embeddable":true,"href":"https:\/\/www.myphotobook.fr\/myinspirations\/wp-json\/wp\/v2\/tags?post=548"}],"curies":[{"name":"wp","href":"https:\/\/api.w.org\/{rel}","templated":true}]}}