{"id":200,"date":"2021-09-20T14:22:15","date_gmt":"2021-09-20T12:22:15","guid":{"rendered":"http:\/\/www.myphotobook.fr\/myinspirations2\/?p=200"},"modified":"2023-03-16T08:50:48","modified_gmt":"2023-03-16T07:50:48","slug":"idees-pour-annoncer-sa-grossesse","status":"publish","type":"post","link":"https:\/\/www.myphotobook.fr\/myinspirations\/idees-pour-annoncer-sa-grossesse\/","title":{"rendered":"6 id\u00e9es originales pour annoncer sa grossesse \u00e0 sa famille"},"content":{"rendered":"<p>Deux traits bleus, enfin\u00a0! Vous \u00eates tellement heureuse que vous pourriez commencer d\u00e9j\u00e0 \u00e0 am\u00e9nager la chambre du b\u00e9b\u00e9. Il ne reste plus qu\u2019\u00e0 savoir comment annoncer de fa\u00e7on originale aux membres de votre famille que dans quelques mois, ils pourront rechanter leurs plus belles berceuses et qu\u2019ils pourront remettre en pratique leurs comp\u00e9tences en mati\u00e8re de changement de couches.<\/p>\n<p>Nous vous avons regroup\u00e9 ici les plus belles id\u00e9es pour annoncer votre grossesse :<\/p>\n<h2><strong>Comment annoncer sa grossesse de mani\u00e8re originale \u00e0 ses parents<\/strong><\/h2>\n<p>On vous demande sans arr\u00eat pour quand c&rsquo;est\u00a0? Vos parents et beaux-parents notamment, qui vous le demandent avec persistance \u00e0 chaque fois qu\u2019ils vous voient\u00a0? Il est donc bien normal de leur annoncer la grande nouvelle d\u2019une mani\u00e8re tr\u00e8s sp\u00e9ciale. Vous pouvez leur annoncer de la fa\u00e7on suivante\u00a0:<\/p>\n<p><a href=\"https:\/\/www.fotokasten.de\/blog\/wp-content\/uploads\/sites\/3\/2017\/05\/Box_Baby.jpg\" target=\"_blank\" rel=\"noopener noreferrer\"><img decoding=\"async\" class=\"aligncenter wp-image-17548\" src=\"https:\/\/www.fotokasten.de\/blog\/wp-content\/uploads\/sites\/3\/2017\/05\/Box_Baby-550x367.jpg\" alt=\"Schwanger, wie sage ich es \u2013 6 kreative Ideen f\u00fcr Deine Familie\" width=\"471\" height=\"330\" \/><\/a><\/p>\n<h3><strong>\u00a0\u00ab\u00a0Votre petit-enfant est aussi grand que&#8230;\u00a0\u00bb<\/strong><\/h3>\n<p>C\u2019est une id\u00e9e adorable pour le dire aux futurs grands-parents, une fois que vous saurez dans quelle semaine de grossesse vous vous trouvez. D\u00e9posez dans un petit paquet une lentille ou quelque chose d\u2019autre qui correspond \u00e0 la taille de l\u2019embryon, et mettez \u00e0 cot\u00e9 un petit message marqu\u00e9 \u00ab\u00a0Je suis d\u00e9j\u00e0 gros comme \u00e7a\u00a0! Votre petit-fils ou petite-fille.\u00a0\u00bb<\/p>\n<p><strong>Voici la taille approximative des b\u00e9b\u00e9s suivant la semaine de grossesse\u00a0:<\/strong><\/p>\n<ul>\n<li>6\u00e8me semaine de grossesse &#8211; une lentille<\/li>\n<li>8\u00e8me semaine de grossesse &#8211; un pois chiche<\/li>\n<li>10\u00e8me semaine de grossesse &#8211; une olive<\/li>\n<li>12\u00e8me semaine de grossesse &#8211; une figue<\/li>\n<\/ul>\n<h3><strong>Un ticket \u00e0 gratter<\/strong><\/h3>\n<p><strong>Mat\u00e9riel\u00a0<\/strong><strong>:<\/strong><\/p>\n<ul>\n<li>Liquide vaisselle<\/li>\n<li>Peinture acrylique<\/li>\n<li>Photo de l\u2019\u00e9chographie sur du papier \u00e9pais (tel que du papier photo r\u00e9tro par exemple)<\/li>\n<li>Feuille adh\u00e9sive<\/li>\n<\/ul>\n<p><strong>\u00a0<a href=\"https:\/\/www.myphotobook.fr\/myinspirations\/wp-content\/uploads\/sites\/6\/2017\/06\/Ticketagratter_fr.jpg\" target=\"_blank\" rel=\"noopener noreferrer\"><img decoding=\"async\" class=\"aligncenter wp-image-502 size-wcstandard\" src=\"https:\/\/www.myphotobook.fr\/myinspirations\/wp-content\/uploads\/sites\/6\/2017\/06\/Ticketagratter_fr-550x367.jpg\" alt=\"\" width=\"550\" height=\"367\" \/><\/a><\/strong><\/p>\n<p>Imprimez votre \u00e9chographie sur une feuille carton \u00e9paisse pour photo ou utilisez les photos r\u00e9tro de myphotobook. De cette fa\u00e7on, vous pouvez directement \u00e9crire \u00ab\u00a0\u00c0 gratter\u00a0\u00bb sur le bord de la photo avec l\u2019\u00e9diteur en ligne. Recouvrez la zone qui devra \u00eatre gratt\u00e9e avec une feuille adh\u00e9sive transparente ou avec du ruban adh\u00e9sif.<\/p>\n<p>M\u00e9langez maintenant la peinture acrylique avec un peu de liquide vaisselle (proportion\u00a0: environ 3 pour 1) et appliquez-en plusieurs couches sur la zone coll\u00e9e jusqu\u2019\u00e0 ce que la photo soit compl\u00e8tement recouverte.<\/p>\n<p>Le ticket de grattage peut \u00eatre offert d\u00e8s que la peinture est s\u00e8che.<\/p>\n<p>Les futurs grands-parents vont s\u00fbrement faire de grands yeux lors du grattage.<\/p>\n<h3><strong>La recette du bonheur<\/strong><\/h3>\n<p><strong>\u00a0<\/strong>Photos d\u2019enfance<\/p>\n<ul>\n<li>Cadre<\/li>\n<li>Papiers color\u00e9s et crayons<\/li>\n<li>Colle<\/li>\n<\/ul>\n<p>Vous n\u2019avez besoin ici que de quelques photos d\u2019enfance de vous et de votre partenaire ainsi que de l\u2019\u00e9chographie de votre b\u00e9b\u00e9. Vous pouvez ainsi r\u00e9aliser votre propre formule du bonheur.<\/p>\n<p>Collez les trois photos sur un joli papier A4 ou A3 adapt\u00e9 au cadre. Ajoutez un + et un = entre les photos pour compl\u00e9ter la formule. Vous pouvez \u00e9galement rajouter de jolis stickers ou de la d\u00e9coration autour de l\u2019image. Il ne vous reste plus qu\u2019\u00e0 l\u2019encadrer et \u00e0 l\u2019offrir \u00e0 vos parents.<\/p>\n<h3><strong>Message magique<\/strong><\/h3>\n<p>Vous avez invit\u00e9 vos parents \u00e0 boire le caf\u00e9, mais cette fois-ci, le caf\u00e9 s\u2019accompagnera d\u2019une surprise bien particuli\u00e8re. Derri\u00e8re une tasse noire quelconque se cache un beau cadeau pour les grands-parents. Pour ce faire, vous n\u2019avez besoin que de la photo num\u00e9rique de l\u2019\u00e9chographie de votre b\u00e9b\u00e9. Lors de la r\u00e9alisation, vous pouvez ajouter un message tel que \u00ab\u00a0tu vas devenir papi \/ mamie\u00a0\u00bb. D\u00e8s que la tasse est remplie d\u2019un liquide chaud, la couleur noire de la tasse est remplac\u00e9e par l\u2019image.<\/p>\n<p>Comme la tasse ne laisse appara\u00eetre son image que lentement du bas vers le haut, prenez garde \u00e0 \u00e9crire le message en haut de la tasse, afin de ne pas \u00e9venter le secret d\u00e8s le d\u00e9but.<\/p>\n<p><a href=\"https:\/\/www.myphotobook.fr\/myinspirations\/wp-content\/uploads\/sites\/6\/2017\/06\/Zaubertasse_Gif_fr.gif\" target=\"_blank\" rel=\"noopener noreferrer\"><img decoding=\"async\" class=\"aligncenter wp-image-501 size-full\" src=\"https:\/\/www.myphotobook.fr\/myinspirations\/wp-content\/uploads\/sites\/6\/2017\/06\/Zaubertasse_Gif_fr.gif\" alt=\"\" width=\"490\" height=\"453\" \/><\/a><\/p>\n<h2><strong>Comment annoncer sa grossesse \u00e0 son partenaire<\/strong><\/h2>\n<p>Si le papa n\u2019\u00e9tait pas pr\u00e9sent lors du test de grossesse, il existe plusieurs mani\u00e8res de lui faire la surprise.<\/p>\n<h3><strong>L\u2019annoncer au restaurant<\/strong><\/h3>\n<h3><strong><img decoding=\"async\" class=\"alignright wp-image-17600\" src=\"https:\/\/www.fotokasten.de\/blog\/wp-content\/uploads\/sites\/3\/2017\/05\/Babybrei.jpg\" alt=\"\" width=\"185\" height=\"277\" \/><\/strong><\/h3>\n<p>Vous avez rendez-vous dans votre restaurant pr\u00e9f\u00e9r\u00e9. Vous vous \u00eates au pr\u00e9alable procur\u00e9e un petit pot de pur\u00e9e pour b\u00e9b\u00e9. Essayez d\u2019arriver au restaurant avant votre partenaire, ou profitez d\u2019un moment seul, pour demander au serveur d\u2019apporter au futur papa le petit pot pour b\u00e9b\u00e9 au lieu du plat command\u00e9.<\/p>\n<p>Le personnel du restaurant sera s\u00fbrement d\u2019accord pour participer \u00e0 cette occasion, et votre partenaire sera dr\u00f4lement surpris de recevoir le petit pot au lieu du plat command\u00e9. Ce sera l\u2019occasion de lui dire qu\u2019il aura besoin de souvent les go\u00fbter dans le futur.<\/p>\n<h3><\/h3>\n<h3><strong>L\u2019annoncer \u00e0 la maison<\/strong><\/h3>\n<p><a href=\"https:\/\/www.fotokasten.de\/blog\/wp-content\/uploads\/sites\/3\/2017\/05\/Spiegel.jpg\"><img decoding=\"async\" class=\"wp-image-17601 alignleft\" src=\"https:\/\/www.fotokasten.de\/blog\/wp-content\/uploads\/sites\/3\/2017\/05\/Spiegel.jpg\" alt=\"\" width=\"184\" height=\"276\" \/><\/a>Tous les matins, votre partenaire suit une routine fixe, \u00e7a commence par une douche au lever du lit. Et si vous profitiez de ce moment pour lui annoncer la bonne nouvelle\u00a0?<\/p>\n<p>Si votre salle de bain est \u00e9quip\u00e9e d\u2019un grand miroir qui s\u2019embue compl\u00e8tement apr\u00e8s la douche, \u00e9crivez donc un message sur le miroir au moyen d\u2019un chiffon anti-bu\u00e9e. Ce message n\u2019apparaitra ainsi que lorsque votre partenaire aura fini de prendre sa douche. Le mieux est de frotter un doigt sur le chiffon, et d\u2019\u00e9crire avec le doigt sur le miroir.<\/p>\n<p>Vous n\u2019avez plus qu\u2019\u00e0 attendre avec le test de grossesse positif ou la photo de l\u2019\u00e9chographie qu\u2019il se pr\u00e9cipite hors de la salle de bain.<\/p>\n<p>PS\u00a0: ayez un appareil photo \u00e0 port\u00e9e de main\u00a0! Ces souvenirs seront encore plus vivants dans quelques ann\u00e9es lorsque vous raconterez ce grand moment \u00e0 vos enfants.<\/p>\n<p>&nbsp;<\/p>\n<p>&nbsp;<\/p>\n<div class=\"su-row\"><div class=\"su-column su-column-size-one-half\"><div class=\"su-column-inner su-u-clearfix su-u-trim\">\n<p style=\"text-align: center\"><strong>Tirages photo r\u00e9tros<\/strong><\/p>\n<p style=\"text-align: center\"><a href=\"https:\/\/www.fotokasten.de\/retro-bilder.html?utm_source=magazin&amp;utm_medium=stp&amp;utm_campaign=1705_Retrobilder_Schwangerschaftmitteilen\"><img decoding=\"async\" class=\"alignnone wp-image-16100\" src=\"https:\/\/www.fotokasten.de\/blog\/wp-content\/uploads\/sites\/3\/2017\/01\/retro-prints-polaroid-foto-abzug-guenstig-bestellen-f3.jpg\" alt=\"Retro Bilder\" width=\"330\" height=\"245\" \/><\/a><\/p>\n<p style=\"text-align: left\"><a href=\"https:\/\/www.myphotobook.fr\/tirages-photo-retro.html?utm_source=magazin&#038;utm_medium=stp&#038;utm_campaign=1706_tirageretro_annoncersagrossesse\" class=\"su-button su-button-style-default\" style=\"color:#FFFFFF;background-color:#2D89EF;border-color:#246ec0;border-radius:5px\" target=\"__blank\" title=\"Visit Site\"><span style=\"color:#FFFFFF;padding:0px 16px;font-size:13px;line-height:26px;border-color:#6cadf4;border-radius:5px;text-shadow:none\">  EN SAVOIR PLUS <\/span><\/a>\n<\/div><\/div><div class=\"su-column su-column-size-one-half\"><div class=\"su-column-inner su-u-clearfix su-u-trim\">\n<p style=\"text-align: center\"><strong>Tasse photo magique<\/strong><\/p>\n<p style=\"text-align: left\"><a href=\"https:\/\/www.fotokasten.de\/zaubertasse.html?utm_source=magazin&amp;utm_medium=stp&amp;utm_campaign=1705_Zaubertasse_Schwangerschaftmitteilen\"><img decoding=\"async\" class=\"alignnone wp-image-17573\" src=\"https:\/\/www.fotokasten.de\/blog\/wp-content\/uploads\/sites\/3\/2017\/05\/zaubertasse-fototasse-guenstig-kaufen-88-f1.png\" alt=\"Zaubertasse bestellen\" width=\"330\" height=\"245\" \/><\/a><\/p>\n<p style=\"text-align: left\"><a href=\"https:\/\/www.myphotobook.fr\/tasse-photo-magique.html?utm_source=blog&#038;utm_medium=stp&#038;utm_campaign=1705_Tassephotomagique_annoncersagrossesse\" class=\"su-button su-button-style-default\" style=\"color:#FFFFFF;background-color:#2D89EF;border-color:#246ec0;border-radius:5px\" target=\"__blank\" title=\"Visit Site\"><span style=\"color:#FFFFFF;padding:0px 16px;font-size:13px;line-height:26px;border-color:#6cadf4;border-radius:5px;text-shadow:none\"> EN SAVOIR PLUS<\/span><\/a>\n<\/div><\/div><\/div>\n<div class=\"cols-wrapper cols-2\">\n<div class=\"col\">\n<p style=\"text-align: center\"><strong>\u00a0<\/strong><\/p>\n<p>&nbsp;<\/p>\n<p><a href=\"https:\/\/www.myphotobook.fr\/livre-photo-famille?utm_source=magazin&amp;utm_medium=banner&amp;utm_campaign=1706_livrefamille_banner\" target=\"_blank\" rel=\"noopener noreferrer\"><img decoding=\"async\" class=\"img-frame aligncenter\" src=\"https:\/\/www.myphotobook.fr\/myinspirations\/wp-content\/uploads\/sites\/6\/2017\/06\/2017-05_familie_fotobuch_banner_FR.jpg\" \/><\/a><\/p>\n<\/div>\n<\/div>\n","protected":false},"excerpt":{"rendered":"<p>Deux traits bleus, enfin\u00a0! Vous \u00eates tellement heureuse que vous pourriez commencer d\u00e9j\u00e0 \u00e0 am\u00e9nager la chambre du b\u00e9b\u00e9. Il ne reste plus qu\u2019\u00e0 savoir comment annoncer de fa\u00e7on originale aux membres de votre famille que dans quelques mois, ils pourront rechanter leurs plus belles berceuses et qu\u2019ils pourront remettre en pratique leurs comp\u00e9tences en [&hellip;]<\/p>\n","protected":false},"author":7,"featured_media":503,"comment_status":"closed","ping_status":"open","sticky":false,"template":"","format":"standard","meta":{"inline_featured_image":false,"site-sidebar-layout":"default","site-content-layout":"","ast-site-content-layout":"default","site-content-style":"default","site-sidebar-style":"default","ast-global-header-display":"","ast-banner-title-visibility":"","ast-main-header-display":"","ast-hfb-above-header-display":"","ast-hfb-below-header-display":"","ast-hfb-mobile-header-display":"","site-post-title":"","ast-breadcrumbs-content":"","ast-featured-img":"","footer-sml-layout":"","ast-disable-related-posts":"","theme-transparent-header-meta":"","adv-header-id-meta":"","stick-header-meta":"","header-above-stick-meta":"","header-main-stick-meta":"","header-below-stick-meta":"","astra-migrate-meta-layouts":"default","ast-page-background-enabled":"default","ast-page-background-meta":{"desktop":{"background-color":"var(--ast-global-color-4)","background-image":"","background-repeat":"repeat","background-position":"center center","background-size":"auto","background-attachment":"scroll","background-type":"","background-media":"","overlay-type":"","overlay-color":"","overlay-opacity":"","overlay-gradient":""},"tablet":{"background-color":"","background-image":"","background-repeat":"repeat","background-position":"center center","background-size":"auto","background-attachment":"scroll","background-type":"","background-media":"","overlay-type":"","overlay-color":"","overlay-opacity":"","overlay-gradient":""},"mobile":{"background-color":"","background-image":"","background-repeat":"repeat","background-position":"center center","background-size":"auto","background-attachment":"scroll","background-type":"","background-media":"","overlay-type":"","overlay-color":"","overlay-opacity":"","overlay-gradient":""}},"ast-content-background-meta":{"desktop":{"background-color":"var(--ast-global-color-5)","background-image":"","background-repeat":"repeat","background-position":"center center","background-size":"auto","background-attachment":"scroll","background-type":"","background-media":"","overlay-type":"","overlay-color":"","overlay-opacity":"","overlay-gradient":""},"tablet":{"background-color":"var(--ast-global-color-5)","background-image":"","background-repeat":"repeat","background-position":"center center","background-size":"auto","background-attachment":"scroll","background-type":"","background-media":"","overlay-type":"","overlay-color":"","overlay-opacity":"","overlay-gradient":""},"mobile":{"background-color":"var(--ast-global-color-5)","background-image":"","background-repeat":"repeat","background-position":"center center","background-size":"auto","background-attachment":"scroll","background-type":"","background-media":"","overlay-type":"","overlay-color":"","overlay-opacity":"","overlay-gradient":""}},"footnotes":""},"categories":[4,8],"tags":[],"class_list":["post-200","post","type-post","status-publish","format-standard","has-post-thumbnail","hentry","category-diy","category-famille"],"yoast_head":"<!-- This site is optimized with the Yoast SEO plugin v27.5 - https:\/\/yoast.com\/product\/yoast-seo-wordpress\/ -->\n<title>6 id\u00e9es originales pour annoncer sa grossesse \u00e0 sa famille * MyInspirations * Le magazine de MyPhotoBook<\/title>\n<meta name=\"robots\" content=\"index, follow, max-snippet:-1, max-image-preview:large, max-video-preview:-1\" \/>\n<link rel=\"canonical\" href=\"https:\/\/www.myphotobook.fr\/myinspirations\/idees-pour-annoncer-sa-grossesse\/\" \/>\n<meta property=\"og:locale\" content=\"fr_FR\" \/>\n<meta property=\"og:type\" content=\"article\" \/>\n<meta property=\"og:title\" content=\"6 id\u00e9es originales pour annoncer sa grossesse \u00e0 sa famille * MyInspirations * Le magazine de MyPhotoBook\" \/>\n<meta property=\"og:description\" content=\"Deux traits bleus, enfin\u00a0! Vous \u00eates tellement heureuse que vous pourriez commencer d\u00e9j\u00e0 \u00e0 am\u00e9nager la chambre du b\u00e9b\u00e9. Il ne reste plus qu\u2019\u00e0 savoir comment annoncer de fa\u00e7on originale aux membres de votre famille que dans quelques mois, ils pourront rechanter leurs plus belles berceuses et qu\u2019ils pourront remettre en pratique leurs comp\u00e9tences en [&hellip;]\" \/>\n<meta property=\"og:url\" content=\"https:\/\/www.myphotobook.fr\/myinspirations\/idees-pour-annoncer-sa-grossesse\/\" \/>\n<meta property=\"og:site_name\" content=\"MyInspirations * Le magazine de MyPhotoBook\" \/>\n<meta property=\"article:publisher\" content=\"https:\/\/www.facebook.com\/myphotobookfr\/\" \/>\n<meta property=\"article:published_time\" content=\"2021-09-20T12:22:15+00:00\" \/>\n<meta property=\"article:modified_time\" content=\"2023-03-16T07:50:48+00:00\" \/>\n<meta property=\"og:image\" content=\"https:\/\/www.myphotobook.fr\/myinspirations\/wp-content\/uploads\/sites\/6\/2017\/06\/Titelbild_fr-1.jpg\" \/>\n\t<meta property=\"og:image:width\" content=\"1000\" \/>\n\t<meta property=\"og:image:height\" content=\"667\" \/>\n\t<meta property=\"og:image:type\" content=\"image\/jpeg\" \/>\n<meta name=\"author\" content=\"MyPhotoBook Redaktion\" \/>\n<meta name=\"twitter:card\" content=\"summary_large_image\" \/>\n<meta name=\"twitter:label1\" content=\"\u00c9crit par\" \/>\n\t<meta name=\"twitter:data1\" content=\"MyPhotoBook Redaktion\" \/>\n\t<meta name=\"twitter:label2\" content=\"Dur\u00e9e de lecture estim\u00e9e\" \/>\n\t<meta name=\"twitter:data2\" content=\"5 minutes\" \/>\n<script type=\"application\/ld+json\" class=\"yoast-schema-graph\">{\"@context\":\"https:\\\/\\\/schema.org\",\"@graph\":[{\"@type\":\"Article\",\"@id\":\"https:\\\/\\\/www.myphotobook.fr\\\/myinspirations\\\/idees-pour-annoncer-sa-grossesse\\\/#article\",\"isPartOf\":{\"@id\":\"https:\\\/\\\/www.myphotobook.fr\\\/myinspirations\\\/idees-pour-annoncer-sa-grossesse\\\/\"},\"author\":{\"name\":\"MyPhotoBook Redaktion\",\"@id\":\"https:\\\/\\\/www.myphotobook.fr\\\/myinspirations\\\/#\\\/schema\\\/person\\\/e23c60c98854fac09092d3b116795270\"},\"headline\":\"6 id\u00e9es originales pour annoncer sa grossesse \u00e0 sa famille\",\"datePublished\":\"2021-09-20T12:22:15+00:00\",\"dateModified\":\"2023-03-16T07:50:48+00:00\",\"mainEntityOfPage\":{\"@id\":\"https:\\\/\\\/www.myphotobook.fr\\\/myinspirations\\\/idees-pour-annoncer-sa-grossesse\\\/\"},\"wordCount\":1055,\"publisher\":{\"@id\":\"https:\\\/\\\/www.myphotobook.fr\\\/myinspirations\\\/#organization\"},\"image\":{\"@id\":\"https:\\\/\\\/www.myphotobook.fr\\\/myinspirations\\\/idees-pour-annoncer-sa-grossesse\\\/#primaryimage\"},\"thumbnailUrl\":\"https:\\\/\\\/www.myphotobook.fr\\\/myinspirations\\\/wp-content\\\/uploads\\\/sites\\\/6\\\/2017\\\/06\\\/Titelbild_fr-1.jpg\",\"articleSection\":[\"DIY\",\"Famille\"],\"inLanguage\":\"fr-FR\"},{\"@type\":\"WebPage\",\"@id\":\"https:\\\/\\\/www.myphotobook.fr\\\/myinspirations\\\/idees-pour-annoncer-sa-grossesse\\\/\",\"url\":\"https:\\\/\\\/www.myphotobook.fr\\\/myinspirations\\\/idees-pour-annoncer-sa-grossesse\\\/\",\"name\":\"6 id\u00e9es originales pour annoncer sa grossesse \u00e0 sa famille * MyInspirations * Le magazine de MyPhotoBook\",\"isPartOf\":{\"@id\":\"https:\\\/\\\/www.myphotobook.fr\\\/myinspirations\\\/#website\"},\"primaryImageOfPage\":{\"@id\":\"https:\\\/\\\/www.myphotobook.fr\\\/myinspirations\\\/idees-pour-annoncer-sa-grossesse\\\/#primaryimage\"},\"image\":{\"@id\":\"https:\\\/\\\/www.myphotobook.fr\\\/myinspirations\\\/idees-pour-annoncer-sa-grossesse\\\/#primaryimage\"},\"thumbnailUrl\":\"https:\\\/\\\/www.myphotobook.fr\\\/myinspirations\\\/wp-content\\\/uploads\\\/sites\\\/6\\\/2017\\\/06\\\/Titelbild_fr-1.jpg\",\"datePublished\":\"2021-09-20T12:22:15+00:00\",\"dateModified\":\"2023-03-16T07:50:48+00:00\",\"breadcrumb\":{\"@id\":\"https:\\\/\\\/www.myphotobook.fr\\\/myinspirations\\\/idees-pour-annoncer-sa-grossesse\\\/#breadcrumb\"},\"inLanguage\":\"fr-FR\",\"potentialAction\":[{\"@type\":\"ReadAction\",\"target\":[\"https:\\\/\\\/www.myphotobook.fr\\\/myinspirations\\\/idees-pour-annoncer-sa-grossesse\\\/\"]}]},{\"@type\":\"ImageObject\",\"inLanguage\":\"fr-FR\",\"@id\":\"https:\\\/\\\/www.myphotobook.fr\\\/myinspirations\\\/idees-pour-annoncer-sa-grossesse\\\/#primaryimage\",\"url\":\"https:\\\/\\\/www.myphotobook.fr\\\/myinspirations\\\/wp-content\\\/uploads\\\/sites\\\/6\\\/2017\\\/06\\\/Titelbild_fr-1.jpg\",\"contentUrl\":\"https:\\\/\\\/www.myphotobook.fr\\\/myinspirations\\\/wp-content\\\/uploads\\\/sites\\\/6\\\/2017\\\/06\\\/Titelbild_fr-1.jpg\",\"width\":1000,\"height\":667},{\"@type\":\"BreadcrumbList\",\"@id\":\"https:\\\/\\\/www.myphotobook.fr\\\/myinspirations\\\/idees-pour-annoncer-sa-grossesse\\\/#breadcrumb\",\"itemListElement\":[{\"@type\":\"ListItem\",\"position\":1,\"name\":\"Startseite\",\"item\":\"https:\\\/\\\/www.myphotobook.fr\\\/myinspirations\\\/\"},{\"@type\":\"ListItem\",\"position\":2,\"name\":\"6 id\u00e9es originales pour annoncer sa grossesse \u00e0 sa famille\"}]},{\"@type\":\"WebSite\",\"@id\":\"https:\\\/\\\/www.myphotobook.fr\\\/myinspirations\\\/#website\",\"url\":\"https:\\\/\\\/www.myphotobook.fr\\\/myinspirations\\\/\",\"name\":\"MyInspirations\",\"description\":\"\",\"publisher\":{\"@id\":\"https:\\\/\\\/www.myphotobook.fr\\\/myinspirations\\\/#organization\"},\"alternateName\":\"Le magazine de MyPhotoBook\",\"potentialAction\":[{\"@type\":\"SearchAction\",\"target\":{\"@type\":\"EntryPoint\",\"urlTemplate\":\"https:\\\/\\\/www.myphotobook.fr\\\/myinspirations\\\/?s={search_term_string}\"},\"query-input\":{\"@type\":\"PropertyValueSpecification\",\"valueRequired\":true,\"valueName\":\"search_term_string\"}}],\"inLanguage\":\"fr-FR\"},{\"@type\":\"Organization\",\"@id\":\"https:\\\/\\\/www.myphotobook.fr\\\/myinspirations\\\/#organization\",\"name\":\"myphotobook GmbH\",\"alternateName\":\"myphotobook\",\"url\":\"https:\\\/\\\/www.myphotobook.fr\\\/myinspirations\\\/\",\"logo\":{\"@type\":\"ImageObject\",\"inLanguage\":\"fr-FR\",\"@id\":\"https:\\\/\\\/www.myphotobook.fr\\\/myinspirations\\\/#\\\/schema\\\/logo\\\/image\\\/\",\"url\":\"https:\\\/\\\/www.myphotobook.fr\\\/myinspirations\\\/wp-content\\\/uploads\\\/sites\\\/6\\\/2023\\\/03\\\/myphotobook-logo.png\",\"contentUrl\":\"https:\\\/\\\/www.myphotobook.fr\\\/myinspirations\\\/wp-content\\\/uploads\\\/sites\\\/6\\\/2023\\\/03\\\/myphotobook-logo.png\",\"width\":600,\"height\":600,\"caption\":\"myphotobook GmbH\"},\"image\":{\"@id\":\"https:\\\/\\\/www.myphotobook.fr\\\/myinspirations\\\/#\\\/schema\\\/logo\\\/image\\\/\"},\"sameAs\":[\"https:\\\/\\\/www.facebook.com\\\/myphotobookfr\\\/\"]},{\"@type\":\"Person\",\"@id\":\"https:\\\/\\\/www.myphotobook.fr\\\/myinspirations\\\/#\\\/schema\\\/person\\\/e23c60c98854fac09092d3b116795270\",\"name\":\"MyPhotoBook Redaktion\"}]}<\/script>\n<!-- \/ Yoast SEO plugin. -->","yoast_head_json":{"title":"6 id\u00e9es originales pour annoncer sa grossesse \u00e0 sa famille * MyInspirations * Le magazine de MyPhotoBook","robots":{"index":"index","follow":"follow","max-snippet":"max-snippet:-1","max-image-preview":"max-image-preview:large","max-video-preview":"max-video-preview:-1"},"canonical":"https:\/\/www.myphotobook.fr\/myinspirations\/idees-pour-annoncer-sa-grossesse\/","og_locale":"fr_FR","og_type":"article","og_title":"6 id\u00e9es originales pour annoncer sa grossesse \u00e0 sa famille * MyInspirations * Le magazine de MyPhotoBook","og_description":"Deux traits bleus, enfin\u00a0! Vous \u00eates tellement heureuse que vous pourriez commencer d\u00e9j\u00e0 \u00e0 am\u00e9nager la chambre du b\u00e9b\u00e9. Il ne reste plus qu\u2019\u00e0 savoir comment annoncer de fa\u00e7on originale aux membres de votre famille que dans quelques mois, ils pourront rechanter leurs plus belles berceuses et qu\u2019ils pourront remettre en pratique leurs comp\u00e9tences en [&hellip;]","og_url":"https:\/\/www.myphotobook.fr\/myinspirations\/idees-pour-annoncer-sa-grossesse\/","og_site_name":"MyInspirations * Le magazine de MyPhotoBook","article_publisher":"https:\/\/www.facebook.com\/myphotobookfr\/","article_published_time":"2021-09-20T12:22:15+00:00","article_modified_time":"2023-03-16T07:50:48+00:00","og_image":[{"width":1000,"height":667,"url":"https:\/\/www.myphotobook.fr\/myinspirations\/wp-content\/uploads\/sites\/6\/2017\/06\/Titelbild_fr-1.jpg","type":"image\/jpeg"}],"author":"MyPhotoBook Redaktion","twitter_card":"summary_large_image","twitter_misc":{"\u00c9crit par":"MyPhotoBook Redaktion","Dur\u00e9e de lecture estim\u00e9e":"5 minutes"},"schema":{"@context":"https:\/\/schema.org","@graph":[{"@type":"Article","@id":"https:\/\/www.myphotobook.fr\/myinspirations\/idees-pour-annoncer-sa-grossesse\/#article","isPartOf":{"@id":"https:\/\/www.myphotobook.fr\/myinspirations\/idees-pour-annoncer-sa-grossesse\/"},"author":{"name":"MyPhotoBook Redaktion","@id":"https:\/\/www.myphotobook.fr\/myinspirations\/#\/schema\/person\/e23c60c98854fac09092d3b116795270"},"headline":"6 id\u00e9es originales pour annoncer sa grossesse \u00e0 sa famille","datePublished":"2021-09-20T12:22:15+00:00","dateModified":"2023-03-16T07:50:48+00:00","mainEntityOfPage":{"@id":"https:\/\/www.myphotobook.fr\/myinspirations\/idees-pour-annoncer-sa-grossesse\/"},"wordCount":1055,"publisher":{"@id":"https:\/\/www.myphotobook.fr\/myinspirations\/#organization"},"image":{"@id":"https:\/\/www.myphotobook.fr\/myinspirations\/idees-pour-annoncer-sa-grossesse\/#primaryimage"},"thumbnailUrl":"https:\/\/www.myphotobook.fr\/myinspirations\/wp-content\/uploads\/sites\/6\/2017\/06\/Titelbild_fr-1.jpg","articleSection":["DIY","Famille"],"inLanguage":"fr-FR"},{"@type":"WebPage","@id":"https:\/\/www.myphotobook.fr\/myinspirations\/idees-pour-annoncer-sa-grossesse\/","url":"https:\/\/www.myphotobook.fr\/myinspirations\/idees-pour-annoncer-sa-grossesse\/","name":"6 id\u00e9es originales pour annoncer sa grossesse \u00e0 sa famille * MyInspirations * Le magazine de MyPhotoBook","isPartOf":{"@id":"https:\/\/www.myphotobook.fr\/myinspirations\/#website"},"primaryImageOfPage":{"@id":"https:\/\/www.myphotobook.fr\/myinspirations\/idees-pour-annoncer-sa-grossesse\/#primaryimage"},"image":{"@id":"https:\/\/www.myphotobook.fr\/myinspirations\/idees-pour-annoncer-sa-grossesse\/#primaryimage"},"thumbnailUrl":"https:\/\/www.myphotobook.fr\/myinspirations\/wp-content\/uploads\/sites\/6\/2017\/06\/Titelbild_fr-1.jpg","datePublished":"2021-09-20T12:22:15+00:00","dateModified":"2023-03-16T07:50:48+00:00","breadcrumb":{"@id":"https:\/\/www.myphotobook.fr\/myinspirations\/idees-pour-annoncer-sa-grossesse\/#breadcrumb"},"inLanguage":"fr-FR","potentialAction":[{"@type":"ReadAction","target":["https:\/\/www.myphotobook.fr\/myinspirations\/idees-pour-annoncer-sa-grossesse\/"]}]},{"@type":"ImageObject","inLanguage":"fr-FR","@id":"https:\/\/www.myphotobook.fr\/myinspirations\/idees-pour-annoncer-sa-grossesse\/#primaryimage","url":"https:\/\/www.myphotobook.fr\/myinspirations\/wp-content\/uploads\/sites\/6\/2017\/06\/Titelbild_fr-1.jpg","contentUrl":"https:\/\/www.myphotobook.fr\/myinspirations\/wp-content\/uploads\/sites\/6\/2017\/06\/Titelbild_fr-1.jpg","width":1000,"height":667},{"@type":"BreadcrumbList","@id":"https:\/\/www.myphotobook.fr\/myinspirations\/idees-pour-annoncer-sa-grossesse\/#breadcrumb","itemListElement":[{"@type":"ListItem","position":1,"name":"Startseite","item":"https:\/\/www.myphotobook.fr\/myinspirations\/"},{"@type":"ListItem","position":2,"name":"6 id\u00e9es originales pour annoncer sa grossesse \u00e0 sa famille"}]},{"@type":"WebSite","@id":"https:\/\/www.myphotobook.fr\/myinspirations\/#website","url":"https:\/\/www.myphotobook.fr\/myinspirations\/","name":"MyInspirations","description":"","publisher":{"@id":"https:\/\/www.myphotobook.fr\/myinspirations\/#organization"},"alternateName":"Le magazine de MyPhotoBook","potentialAction":[{"@type":"SearchAction","target":{"@type":"EntryPoint","urlTemplate":"https:\/\/www.myphotobook.fr\/myinspirations\/?s={search_term_string}"},"query-input":{"@type":"PropertyValueSpecification","valueRequired":true,"valueName":"search_term_string"}}],"inLanguage":"fr-FR"},{"@type":"Organization","@id":"https:\/\/www.myphotobook.fr\/myinspirations\/#organization","name":"myphotobook GmbH","alternateName":"myphotobook","url":"https:\/\/www.myphotobook.fr\/myinspirations\/","logo":{"@type":"ImageObject","inLanguage":"fr-FR","@id":"https:\/\/www.myphotobook.fr\/myinspirations\/#\/schema\/logo\/image\/","url":"https:\/\/www.myphotobook.fr\/myinspirations\/wp-content\/uploads\/sites\/6\/2023\/03\/myphotobook-logo.png","contentUrl":"https:\/\/www.myphotobook.fr\/myinspirations\/wp-content\/uploads\/sites\/6\/2023\/03\/myphotobook-logo.png","width":600,"height":600,"caption":"myphotobook GmbH"},"image":{"@id":"https:\/\/www.myphotobook.fr\/myinspirations\/#\/schema\/logo\/image\/"},"sameAs":["https:\/\/www.facebook.com\/myphotobookfr\/"]},{"@type":"Person","@id":"https:\/\/www.myphotobook.fr\/myinspirations\/#\/schema\/person\/e23c60c98854fac09092d3b116795270","name":"MyPhotoBook Redaktion"}]}},"_links":{"self":[{"href":"https:\/\/www.myphotobook.fr\/myinspirations\/wp-json\/wp\/v2\/posts\/200","targetHints":{"allow":["GET"]}}],"collection":[{"href":"https:\/\/www.myphotobook.fr\/myinspirations\/wp-json\/wp\/v2\/posts"}],"about":[{"href":"https:\/\/www.myphotobook.fr\/myinspirations\/wp-json\/wp\/v2\/types\/post"}],"author":[{"embeddable":true,"href":"https:\/\/www.myphotobook.fr\/myinspirations\/wp-json\/wp\/v2\/users\/7"}],"replies":[{"embeddable":true,"href":"https:\/\/www.myphotobook.fr\/myinspirations\/wp-json\/wp\/v2\/comments?post=200"}],"version-history":[{"count":0,"href":"https:\/\/www.myphotobook.fr\/myinspirations\/wp-json\/wp\/v2\/posts\/200\/revisions"}],"wp:featuredmedia":[{"embeddable":true,"href":"https:\/\/www.myphotobook.fr\/myinspirations\/wp-json\/wp\/v2\/media\/503"}],"wp:attachment":[{"href":"https:\/\/www.myphotobook.fr\/myinspirations\/wp-json\/wp\/v2\/media?parent=200"}],"wp:term":[{"taxonomy":"category","embeddable":true,"href":"https:\/\/www.myphotobook.fr\/myinspirations\/wp-json\/wp\/v2\/categories?post=200"},{"taxonomy":"post_tag","embeddable":true,"href":"https:\/\/www.myphotobook.fr\/myinspirations\/wp-json\/wp\/v2\/tags?post=200"}],"curies":[{"name":"wp","href":"https:\/\/api.w.org\/{rel}","templated":true}]}}